{"id":10107,"date":"2024-07-18T17:59:59","date_gmt":"2024-07-18T14:59:59","guid":{"rendered":"https:\/\/nefesorman.com\/blog\/?p=10107"},"modified":"2024-12-18T15:29:41","modified_gmt":"2024-12-18T12:29:41","slug":"kurumsal-etkinlikler","status":"publish","type":"post","link":"https:\/\/nefesorman.com\/blog\/kurumsal-etkinlikler\/","title":{"rendered":"Kurumsal Etkinliklerin \u015eirket \u0130\u00e7i Motivasyona Faydalar\u0131"},"content":{"rendered":"\n<p><strong>Kurumsal etkinlikler<\/strong>, modern i\u015f d\u00fcnyas\u0131nda \u015firketlerin \u00e7al\u0131\u015fan motivasyonunu art\u0131rmak, ekip ba\u011flar\u0131n\u0131 g\u00fc\u00e7lendirmek ve verimlili\u011fi y\u00fckseltmek i\u00e7in kulland\u0131klar\u0131 \u00f6nemli ara\u00e7lardan biridir. Motive olmu\u015f bir ekip, daha y\u00fcksek verimlilik, yarat\u0131c\u0131l\u0131k ve i\u015f tatmini sa\u011flar.&nbsp;<\/p>\n\n\n\n<p>Peki, <a href=\"https:\/\/nefesorman.com\/blog\/kurumsal-etkinlik-nedir\/\">kurumsal etkinlik <\/a>tam olarak ne demek?<strong> Kurumsal etkinlik nerede yap\u0131l\u0131r<\/strong> ve neden bu kadar \u00f6nemlidir? Bu yaz\u0131m\u0131zda, kurumsal etkinliklerin \u015firket i\u00e7i motivasyona olan faydalar\u0131n\u0131 ele alacak ve <strong>kurumsal etkinlik mekanlar\u0131<\/strong> hakk\u0131nda bilgi ve \u00f6neriler verece\u011fiz.&nbsp;<\/p>\n\n\n\n<h2 class=\"wp-block-heading\">Kurumsal Etkinlik Nedir?<\/h2>\n\n\n\n<figure class=\"wp-block-image size-full\"><img fetchpriority=\"high\" decoding=\"async\" width=\"1024\" height=\"768\" src=\"https:\/\/nefesorman.com\/blog\/wp-content\/uploads\/2024\/07\/Kurumsal-Etkinlik-Nedir-1.jpg\" alt=\"Kurumsal Etkinlik Nedir?\" class=\"wp-image-10140\" srcset=\"https:\/\/nefesorman.com\/blog\/wp-content\/uploads\/2024\/07\/Kurumsal-Etkinlik-Nedir-1.jpg 1024w, https:\/\/nefesorman.com\/blog\/wp-content\/uploads\/2024\/07\/Kurumsal-Etkinlik-Nedir-1-300x225.jpg 300w, https:\/\/nefesorman.com\/blog\/wp-content\/uploads\/2024\/07\/Kurumsal-Etkinlik-Nedir-1-768x576.jpg 768w, https:\/\/nefesorman.com\/blog\/wp-content\/uploads\/2024\/07\/Kurumsal-Etkinlik-Nedir-1-150x113.jpg 150w, https:\/\/nefesorman.com\/blog\/wp-content\/uploads\/2024\/07\/Kurumsal-Etkinlik-Nedir-1-450x338.jpg 450w\" sizes=\"(max-width: 1024px) 100vw, 1024px\" \/><figcaption class=\"wp-element-caption\">Kurumsal Etkinlik Nedir?<\/figcaption><\/figure>\n\n\n\n<p><strong>Kurumsal etkinlik<\/strong>, bir \u015firketin \u00e7al\u0131\u015fanlar\u0131 aras\u0131nda motivasyonu art\u0131rmak, ekip ruhunu peki\u015ftirmek ve genel i\u015f ortam\u0131n\u0131 iyile\u015ftirmek amac\u0131yla d\u00fczenledi\u011fi her t\u00fcrl\u00fc faaliyeti kapsar. <strong>kurumsal etkinlik mekanlar\u0131<\/strong> sayesinde bu etkinlikler, tak\u0131m \u00e7al\u0131\u015fmas\u0131n\u0131 te\u015fvik eden aktivitelerden e\u011fitim seminerlerine, sosyal sorumluluk projelerinden kutlama organizasyonlar\u0131na kadar geni\u015f bir yelpazede olabilir.&nbsp;<\/p>\n\n\n\n<h2 class=\"wp-block-heading\">Kurumsal Etkinlik T\u00fcrleri Nelerdir?<\/h2>\n\n\n\n<p>\u00c7al\u0131\u015fanlar\u0131n\u0131za sunabilece\u011finiz birka\u00e7 kurumsal etkinlik t\u00fcr\u00fcnden bahsetmek gerekirse bu organizasyonlar\u0131 \u015fu \u015fekilde kategorize edebiliriz:<\/p>\n\n\n\n<h3 class=\"wp-block-heading\">E\u011fitim ve Geli\u015fim Etkinlikleri<\/h3>\n\n\n\n<figure class=\"wp-block-image size-full\"><img decoding=\"async\" width=\"1024\" height=\"768\" src=\"https:\/\/nefesorman.com\/blog\/wp-content\/uploads\/2024\/07\/Egitim-ve-Gelisim-Etkinlikleri.jpg\" alt=\"E\u011fitim ve Geli\u015fim Etkinlikleri\" class=\"wp-image-10141\" srcset=\"https:\/\/nefesorman.com\/blog\/wp-content\/uploads\/2024\/07\/Egitim-ve-Gelisim-Etkinlikleri.jpg 1024w, https:\/\/nefesorman.com\/blog\/wp-content\/uploads\/2024\/07\/Egitim-ve-Gelisim-Etkinlikleri-300x225.jpg 300w, https:\/\/nefesorman.com\/blog\/wp-content\/uploads\/2024\/07\/Egitim-ve-Gelisim-Etkinlikleri-768x576.jpg 768w, https:\/\/nefesorman.com\/blog\/wp-content\/uploads\/2024\/07\/Egitim-ve-Gelisim-Etkinlikleri-150x113.jpg 150w, https:\/\/nefesorman.com\/blog\/wp-content\/uploads\/2024\/07\/Egitim-ve-Gelisim-Etkinlikleri-450x338.jpg 450w\" sizes=\"(max-width: 1024px) 100vw, 1024px\" \/><figcaption class=\"wp-element-caption\">E\u011fitim ve Geli\u015fim Etkinlikleri<\/figcaption><\/figure>\n\n\n\n<p>E\u011fitim ve geli\u015fim etkinlikleri, \u00e7al\u0131\u015fanlar\u0131n mesleki becerilerini art\u0131rmalar\u0131na yard\u0131mc\u0131 olur. Seminerler, workshoplar ve konferanslar bu t\u00fcr etkinliklerin ba\u015f\u0131nda gelir. Bu etkinlikler, \u00e7al\u0131\u015fanlar\u0131n kendilerini geli\u015ftirmeleri ve kariyerlerinde ilerlemeleri i\u00e7in f\u0131rsatlar sunar.<\/p>\n\n\n\n<h3 class=\"wp-block-heading\">Sosyal ve E\u011flence Etkinlikleri<\/h3>\n\n\n\n<p>Sosyal etkinlikler, \u00e7al\u0131\u015fanlar\u0131n stres atmas\u0131n\u0131 ve i\u015f d\u0131\u015f\u0131nda da sosyal ba\u011f kurmalar\u0131n\u0131 sa\u011flar. Y\u0131l sonu partileri, <a href=\"https:\/\/nefesorman.com\/blog\/sirket-piknigi-icin-10-fikir-onerisi\/\">piknikler<\/a> ve spor turnuvalar\u0131 gibi etkinlikler bu kategoriye girer. Bu t\u00fcr etkinlikler, ofis ortam\u0131nda arkada\u015fl\u0131k ba\u011flar\u0131n\u0131 g\u00fc\u00e7lendirir.<\/p>\n\n\n\n<div class=\"wp-block-buttons is-layout-flex wp-block-buttons-is-layout-flex\">\n<div class=\"wp-block-button\"><a class=\"wp-block-button__link wp-element-button\" href=\"https:\/\/nefesorman.com\/blog\/motivasyon-artiran-sirket-etkinlikleri\/\">motivasyon art\u0131ran \u015firket etkinlikleri<\/a><\/div>\n<\/div>\n\n\n\n<h2 class=\"wp-block-heading\">Kurumsal Etkinliklerin \u015eirket \u0130\u00e7i Motivasyona Faydalar\u0131 Nelerdir?<\/h2>\n\n\n\n<figure class=\"wp-block-image size-full\"><img decoding=\"async\" width=\"1024\" height=\"768\" src=\"https:\/\/nefesorman.com\/blog\/wp-content\/uploads\/2024\/07\/Kurumsal-Etkinliklerin-Sirket-Ici-Motivasyona-Faydalari-Nelerdir.jpg\" alt=\"Kurumsal Etkinliklerin \u015eirket \u0130\u00e7i Motivasyona Faydalar\u0131 Nelerdir?\" class=\"wp-image-10142\" srcset=\"https:\/\/nefesorman.com\/blog\/wp-content\/uploads\/2024\/07\/Kurumsal-Etkinliklerin-Sirket-Ici-Motivasyona-Faydalari-Nelerdir.jpg 1024w, https:\/\/nefesorman.com\/blog\/wp-content\/uploads\/2024\/07\/Kurumsal-Etkinliklerin-Sirket-Ici-Motivasyona-Faydalari-Nelerdir-300x225.jpg 300w, https:\/\/nefesorman.com\/blog\/wp-content\/uploads\/2024\/07\/Kurumsal-Etkinliklerin-Sirket-Ici-Motivasyona-Faydalari-Nelerdir-768x576.jpg 768w, https:\/\/nefesorman.com\/blog\/wp-content\/uploads\/2024\/07\/Kurumsal-Etkinliklerin-Sirket-Ici-Motivasyona-Faydalari-Nelerdir-150x113.jpg 150w, https:\/\/nefesorman.com\/blog\/wp-content\/uploads\/2024\/07\/Kurumsal-Etkinliklerin-Sirket-Ici-Motivasyona-Faydalari-Nelerdir-450x338.jpg 450w\" sizes=\"(max-width: 1024px) 100vw, 1024px\" \/><figcaption class=\"wp-element-caption\">Kurumsal Etkinliklerin \u015eirket \u0130\u00e7i Motivasyona Faydalar\u0131 Nelerdir?<\/figcaption><\/figure>\n\n\n\n<p><a href=\"https:\/\/nefesorman.com\/blog\/motivasyon-artiran-sirket-etkinlikleri\/\">Kurumsal etkinlikler<\/a>, \u00e7al\u0131\u015fan motivasyonu \u00fczerinde do\u011frudan etkili olabilecek bir\u00e7ok fayda sunar. <strong>Kurumsal etkinli\u011fin faydalar\u0131<\/strong> \u015funlard\u0131r:<\/p>\n\n\n\n<ul class=\"wp-block-list\">\n<li><strong>Ekip Ba\u011flar\u0131n\u0131 G\u00fc\u00e7lendirir<\/strong><\/li>\n<\/ul>\n\n\n\n<p>Kurumsal etkinlikler, \u00e7al\u0131\u015fanlar\u0131n birbiriyle daha iyi ileti\u015fim kurmas\u0131n\u0131 ve ekip olarak daha uyumlu \u00e7al\u0131\u015fmas\u0131n\u0131 sa\u011flar. Birlikte ge\u00e7irilen keyifli zamanlar, \u00e7al\u0131\u015fanlar\u0131n birbirini daha iyi tan\u0131mas\u0131na ve i\u015fbirli\u011finin artmas\u0131na yard\u0131mc\u0131 olur.<\/p>\n\n\n\n<ul class=\"wp-block-list\">\n<li><strong>Motivasyonu Art\u0131r\u0131r<\/strong><\/li>\n<\/ul>\n\n\n\n<p>\u0130\u015f hayat\u0131n\u0131n rutininden \u00e7\u0131kmak ve farkl\u0131 aktivitelerle vakit ge\u00e7irmek i\u00e7in yap\u0131lacak <strong>\u015firket etkinli\u011fi<\/strong>, \u00e7al\u0131\u015fanlar\u0131n motivasyonunu y\u00fckseltir. Yeni deneyimler, \u00e7al\u0131\u015fanlar\u0131n i\u015flerine olan ba\u011fl\u0131l\u0131\u011f\u0131n\u0131 art\u0131r\u0131r ve performanslar\u0131n\u0131 olumlu y\u00f6nde etkiler.<\/p>\n\n\n\n<ul class=\"wp-block-list\">\n<li><strong>Yarat\u0131c\u0131l\u0131\u011f\u0131 Destekler<\/strong><\/li>\n<\/ul>\n\n\n\n<p>Farkl\u0131 etkinlikler ve aktiviteler, \u00e7al\u0131\u015fanlar\u0131n yarat\u0131c\u0131l\u0131\u011f\u0131n\u0131 ortaya \u00e7\u0131kar\u0131r. Yenilik\u00e7i fikirler ve \u00e7\u00f6z\u00fcmler, bu t\u00fcr etkinlikler sayesinde geli\u015febilir.<\/p>\n\n\n\n<ul class=\"wp-block-list\">\n<li><strong>Stresi Azalt\u0131r<\/strong><\/li>\n<\/ul>\n\n\n\n<p>Kurumsal etkinlikler, \u00e7al\u0131\u015fanlar\u0131n stres seviyesini d\u00fc\u015f\u00fcrerek daha sa\u011fl\u0131kl\u0131 ve verimli bir \u00e7al\u0131\u015fma ortam\u0131 yarat\u0131r. Rahatlat\u0131c\u0131 ve e\u011flenceli aktiviteler, \u00e7al\u0131\u015fanlar\u0131n mental sa\u011fl\u0131\u011f\u0131n\u0131 olumlu y\u00f6nde etkiler.<\/p>\n\n\n\n<ul class=\"wp-block-list\">\n<li><strong>Aidiyet Hissini G\u00fc\u00e7lendirir<\/strong><\/li>\n<\/ul>\n\n\n\n<p>Kurumsal etkinlikler, \u00e7al\u0131\u015fanlar\u0131n \u015firkete olan ba\u011fl\u0131l\u0131klar\u0131n\u0131 art\u0131r\u0131r. Birlikte ge\u00e7irilen keyifli zamanlar, \u00e7al\u0131\u015fanlar\u0131n \u015firkete olan aidiyet duygusunu peki\u015ftirir.<\/p>\n\n\n\n<h3 class=\"wp-block-heading\">Kurumsal Etkinliklerde Dikkat Edilmesi Gerekenler<\/h3>\n\n\n\n<figure class=\"wp-block-image size-full\"><img loading=\"lazy\" decoding=\"async\" width=\"1024\" height=\"768\" src=\"https:\/\/nefesorman.com\/blog\/wp-content\/uploads\/2024\/07\/Kurumsal-Etkinliklerde-Dikkat-Edilmesi-Gerekenler.jpg\" alt=\"Kurumsal Etkinliklerde Dikkat Edilmesi Gerekenler\" class=\"wp-image-10143\" srcset=\"https:\/\/nefesorman.com\/blog\/wp-content\/uploads\/2024\/07\/Kurumsal-Etkinliklerde-Dikkat-Edilmesi-Gerekenler.jpg 1024w, https:\/\/nefesorman.com\/blog\/wp-content\/uploads\/2024\/07\/Kurumsal-Etkinliklerde-Dikkat-Edilmesi-Gerekenler-300x225.jpg 300w, https:\/\/nefesorman.com\/blog\/wp-content\/uploads\/2024\/07\/Kurumsal-Etkinliklerde-Dikkat-Edilmesi-Gerekenler-768x576.jpg 768w, https:\/\/nefesorman.com\/blog\/wp-content\/uploads\/2024\/07\/Kurumsal-Etkinliklerde-Dikkat-Edilmesi-Gerekenler-150x113.jpg 150w, https:\/\/nefesorman.com\/blog\/wp-content\/uploads\/2024\/07\/Kurumsal-Etkinliklerde-Dikkat-Edilmesi-Gerekenler-450x338.jpg 450w\" sizes=\"(max-width: 1024px) 100vw, 1024px\" \/><figcaption class=\"wp-element-caption\">Kurumsal Etkinliklerde Dikkat Edilmesi Gerekenler<\/figcaption><\/figure>\n\n\n\n<p>Kurumsal etkinliklerin ba\u015far\u0131l\u0131 olmas\u0131 i\u00e7in dikkat edilmesi gereken baz\u0131 \u00f6nemli noktalar bulunmaktad\u0131r. Bu noktalar\u0131 g\u00f6z \u00f6n\u00fcnde bulundurarak etkinliklerinizi daha verimli hale getirebilirsiniz:<\/p>\n\n\n\n<ul class=\"wp-block-list\">\n<li><strong>Etkinlik Amac\u0131n\u0131 Belirlemek<\/strong><\/li>\n<\/ul>\n\n\n\n<p>Etkinli\u011fin amac\u0131n\u0131 net bir \u015fekilde belirlemek, planlama a\u015famas\u0131nda yol g\u00f6sterici olacakt\u0131r. \u00d6rne\u011fin, tak\u0131m \u00e7al\u0131\u015fmas\u0131n\u0131 g\u00fc\u00e7lendirmek mi yoksa \u00e7al\u0131\u015fanlar\u0131 \u00f6d\u00fcllendirmek mi istiyorsunuz? Amaca uygun aktiviteler se\u00e7mek, etkinli\u011fin ba\u015far\u0131s\u0131n\u0131 art\u0131r\u0131r.<\/p>\n\n\n\n<ul class=\"wp-block-list\">\n<li><strong>Kat\u0131l\u0131mc\u0131lar\u0131n \u0130lgisini \u00c7ekmek<\/strong><\/li>\n<\/ul>\n\n\n\n<p>Kat\u0131l\u0131mc\u0131lar\u0131n ilgisini \u00e7ekecek aktiviteler ve programlar d\u00fczenlemek \u00f6nemlidir. \u00c7al\u0131\u015fanlar\u0131n ilgi alanlar\u0131na y\u00f6nelik etkinlikler planlamak, kat\u0131l\u0131m\u0131 ve etkile\u015fimi art\u0131r\u0131r.<\/p>\n\n\n\n<ul class=\"wp-block-list\">\n<li><strong>B\u00fct\u00e7e Planlamas\u0131<\/strong><\/li>\n<\/ul>\n\n\n\n<p>Etkinlikler i\u00e7in ayr\u0131lan b\u00fct\u00e7eyi do\u011fru planlamak, harcamalar\u0131n kontrol alt\u0131nda tutulmas\u0131n\u0131 sa\u011flar. B\u00fct\u00e7eyi a\u015fmadan etkili bir etkinlik d\u00fczenlemek i\u00e7in detayl\u0131 bir planlama yapmak son derece \u00f6nemlidir.<\/p>\n\n\n\n<ul class=\"wp-block-list\">\n<li><strong>Etkinlik Program\u0131n\u0131 \u0130yi Planlamak<\/strong><\/li>\n<\/ul>\n\n\n\n<p>Etkinlik program\u0131n\u0131 detayl\u0131 bir \u015fekilde planlamak, kat\u0131l\u0131mc\u0131lar\u0131n zamanlar\u0131n\u0131 verimli bir \u015fekilde de\u011ferlendirmesini sa\u011flar. Etkinlik s\u00fcresince her a\u015faman\u0131n iyi organize edilmesi, kat\u0131l\u0131mc\u0131 memnuniyetini art\u0131r\u0131r.<\/p>\n\n\n\n<ul class=\"wp-block-list\">\n<li><strong>Geri Bildirim Almak<\/strong><\/li>\n<\/ul>\n\n\n\n<p>Etkinlik sonras\u0131nda kat\u0131l\u0131mc\u0131lardan geri bildirim almak, gelecekteki etkinliklerin daha iyi planlanmas\u0131na yard\u0131mc\u0131 olur. Kat\u0131l\u0131mc\u0131lar\u0131n g\u00f6r\u00fc\u015f ve \u00f6nerilerini dikkate almak, s\u00fcrekli geli\u015fim sa\u011flar.<\/p>\n\n\n\n<h2 class=\"wp-block-heading\">Kurumsal Etkinlik Mek\u00e2nlar\u0131<\/h2>\n\n\n\n<figure class=\"wp-block-image size-full\"><img loading=\"lazy\" decoding=\"async\" width=\"1024\" height=\"768\" src=\"https:\/\/nefesorman.com\/blog\/wp-content\/uploads\/2024\/07\/Kurumsal-Etkinlik-Mekanlari.jpg\" alt=\"Kurumsal Etkinlik Mek\u00e2nlar\u0131\" class=\"wp-image-10146\" srcset=\"https:\/\/nefesorman.com\/blog\/wp-content\/uploads\/2024\/07\/Kurumsal-Etkinlik-Mekanlari.jpg 1024w, https:\/\/nefesorman.com\/blog\/wp-content\/uploads\/2024\/07\/Kurumsal-Etkinlik-Mekanlari-300x225.jpg 300w, https:\/\/nefesorman.com\/blog\/wp-content\/uploads\/2024\/07\/Kurumsal-Etkinlik-Mekanlari-768x576.jpg 768w, https:\/\/nefesorman.com\/blog\/wp-content\/uploads\/2024\/07\/Kurumsal-Etkinlik-Mekanlari-150x113.jpg 150w, https:\/\/nefesorman.com\/blog\/wp-content\/uploads\/2024\/07\/Kurumsal-Etkinlik-Mekanlari-450x338.jpg 450w\" sizes=\"(max-width: 1024px) 100vw, 1024px\" \/><figcaption class=\"wp-element-caption\">Kurumsal Etkinlik Mekanlar\u0131<\/figcaption><\/figure>\n\n\n\n<p>Kurumsal etkinlikler i\u00e7in mek\u00e2n se\u00e7imi, etkinli\u011fin ba\u015far\u0131s\u0131 a\u00e7\u0131s\u0131ndan b\u00fcy\u00fck \u00f6nem ta\u015f\u0131r. \u0130yi bir mek\u00e2n, etkinli\u011fin amac\u0131na uygun olmal\u0131 ve kat\u0131l\u0131mc\u0131lar\u0131n rahat\u00e7a etkinliklere kat\u0131labilece\u011fi bir ortam sunmal\u0131d\u0131r. Kurumsal etkinlik mek\u00e2nlar\u0131n\u0131 \u015fu \u015fekilde kategorize edebiliriz:<\/p>\n\n\n\n<h3 class=\"wp-block-heading\">Do\u011fayla \u0130\u00e7 \u0130\u00e7e Mek\u00e2nlar<\/h3>\n\n\n\n<figure class=\"wp-block-image size-full\"><img loading=\"lazy\" decoding=\"async\" width=\"1024\" height=\"768\" src=\"https:\/\/nefesorman.com\/blog\/wp-content\/uploads\/2024\/07\/Dogayla-IcIce-Mekanlar.jpg\" alt=\"Do\u011fayla \u0130\u00e7 \u0130\u00e7e Mek\u00e2nlar\" class=\"wp-image-10147\" srcset=\"https:\/\/nefesorman.com\/blog\/wp-content\/uploads\/2024\/07\/Dogayla-IcIce-Mekanlar.jpg 1024w, https:\/\/nefesorman.com\/blog\/wp-content\/uploads\/2024\/07\/Dogayla-IcIce-Mekanlar-300x225.jpg 300w, https:\/\/nefesorman.com\/blog\/wp-content\/uploads\/2024\/07\/Dogayla-IcIce-Mekanlar-768x576.jpg 768w, https:\/\/nefesorman.com\/blog\/wp-content\/uploads\/2024\/07\/Dogayla-IcIce-Mekanlar-150x113.jpg 150w, https:\/\/nefesorman.com\/blog\/wp-content\/uploads\/2024\/07\/Dogayla-IcIce-Mekanlar-450x338.jpg 450w\" sizes=\"(max-width: 1024px) 100vw, 1024px\" \/><figcaption class=\"wp-element-caption\">Do\u011fayla \u0130\u00e7 \u0130\u00e7e Mekanlar<\/figcaption><\/figure>\n\n\n\n<p>Do\u011fayla i\u00e7 i\u00e7e olan mek\u00e2nlar, kat\u0131l\u0131mc\u0131lar\u0131n \u015fehir stresinden uzakla\u015fmas\u0131n\u0131 sa\u011flar. Nefes Orman, bu t\u00fcr etkinlikler i\u00e7in m\u00fckemmel bir mek\u00e2nd\u0131r. Do\u011fan\u0131n i\u00e7inde yer alan Nefes Orman, sizin i\u00e7in hem huzurlu bir ortam sunar hem de \u00e7e\u015fitli etkinlik alanlar\u0131yla geni\u015f bir yelpazede hizmet verir.<\/p>\n\n\n\n<h3 class=\"wp-block-heading\">Tarihi ve K\u00fclt\u00fcrel Mek\u00e2nlar<\/h3>\n\n\n\n<p>Tarihi ve k\u00fclt\u00fcrel mek\u00e2nlar, kat\u0131l\u0131mc\u0131lara farkl\u0131 bir deneyim sunar. Bu t\u00fcr mek\u00e2nlar, etkinliklere kat\u0131lanlar\u0131n k\u00fclt\u00fcrel zenginlikleri ke\u015ffetmesini sa\u011flar.<\/p>\n\n\n\n<h3 class=\"wp-block-heading\">Otel ve Kongre Merkezleri<\/h3>\n\n\n\n<p>Konforlu konaklama ve geni\u015f etkinlik alanlar\u0131 sunan otel ve kongre merkezleri, b\u00fcy\u00fck \u00f6l\u00e7ekli etkinlikler i\u00e7in ideal se\u00e7imlerdir. Bu mek\u00e2nlar, teknik altyap\u0131 ve profesyonel hizmetleriyle dikkat \u00e7eker.<\/p>\n\n\n\n<h3 class=\"wp-block-heading\">\u015eehir Merkezindeki Etkinlik Alanlar\u0131<\/h3>\n\n\n\n<p>\u015eehir merkezindeki oteller, restoranlar ve \u00f6zel etkinlik alanlar\u0131, kolay ula\u015f\u0131m imkan\u0131 sunar. Bu mekanlar, \u00f6zellikle i\u015f \u00e7\u0131k\u0131\u015f\u0131nda d\u00fczenlenen k\u0131sa s\u00fcreli etkinlikler i\u00e7in idealdir.<\/p>\n\n\n\n<h3 class=\"wp-block-heading\">Sahil Kenar\u0131nda Yer Alan Mek\u00e2nlar<\/h3>\n\n\n\n<p>Deniz k\u0131y\u0131s\u0131ndaki oteller veya plaj restoranlar\u0131, \u00f6zellikle yaz aylar\u0131nda d\u00fczenlenecek etkinlikler i\u00e7in harika bir atmosfer sunar. Burada do\u011fal g\u00fczelliklerle i\u00e7 i\u00e7e, stres atma ve tak\u0131m ruhunu g\u00fc\u00e7lendirme imkan\u0131 bulunur.<\/p>\n\n\n\n<h3 class=\"wp-block-heading\">\u0130stanbul\u2019un Pop\u00fcler Kurumsal Etkinlik Mek\u00e2nlar\u0131<\/h3>\n\n\n\n<p>Ba\u015fta \u0130stanbul olmak \u00fczere T\u00fcrkiye\u2019nin bir\u00e7ok yerinde \u00e7ok say\u0131da kurumsal etkinlik mek\u00e2n\u0131 bulman\u0131z m\u00fcmk\u00fcn. Bu mek\u00e2nlara ili\u015fkin birka\u00e7 \u00f6rnek vermek gerekirse a\u015fa\u011f\u0131da s\u0131ralad\u0131\u011f\u0131m\u0131z alternatiflere g\u00f6z atabilirsiniz:<\/p>\n\n\n\n<h4 class=\"wp-block-heading\">Nefes Orman \/ \u0130stanbul<\/h4>\n\n\n\n<figure class=\"wp-block-image size-full\"><img loading=\"lazy\" decoding=\"async\" width=\"1024\" height=\"768\" src=\"https:\/\/nefesorman.com\/blog\/wp-content\/uploads\/2024\/07\/Nefes-Orman-1.jpg\" alt=\"Nefes Orman \/ \u0130stanbul\" class=\"wp-image-10149\" srcset=\"https:\/\/nefesorman.com\/blog\/wp-content\/uploads\/2024\/07\/Nefes-Orman-1.jpg 1024w, https:\/\/nefesorman.com\/blog\/wp-content\/uploads\/2024\/07\/Nefes-Orman-1-300x225.jpg 300w, https:\/\/nefesorman.com\/blog\/wp-content\/uploads\/2024\/07\/Nefes-Orman-1-768x576.jpg 768w, https:\/\/nefesorman.com\/blog\/wp-content\/uploads\/2024\/07\/Nefes-Orman-1-150x113.jpg 150w, https:\/\/nefesorman.com\/blog\/wp-content\/uploads\/2024\/07\/Nefes-Orman-1-450x338.jpg 450w\" sizes=\"(max-width: 1024px) 100vw, 1024px\" \/><figcaption class=\"wp-element-caption\">Nefes Orman \u0130stanbul<\/figcaption><\/figure>\n\n\n\n<p><a href=\"https:\/\/nefesorman.com\/\">Nefes Orman<\/a>, <a href=\"https:\/\/nefesorman.com\/kurumsal-etkinlik\/\">kurumsal etkinlikler<\/a> i\u00e7in siz misafirlerine m\u00fckemmel bir se\u00e7enek sunuyor. \u0130stanbul&#8217;un g\u00fcr\u00fclt\u00fcs\u00fcnden uzak, do\u011fan\u0131n kalbinde yer alan <a href=\"https:\/\/nefesorman.com\/\">Nefes Orman<\/a>\u2019da \u015firket \u00e7al\u0131\u015fanlar\u0131na unutulmaz deneyimler ya\u015fatabilirsiniz. Tesisin i\u00e7inde yer alan farkl\u0131 b\u00f6l\u00fcmler mevcut.&nbsp;<\/p>\n\n\n\n<p>\u015eirket i\u00e7i etkinlikler ve b\u00fcy\u00fck \u00e7apl\u0131 d\u00fc\u011f\u00fcn, davet gibi organizasyonlar i\u00e7in kullan\u0131lan ba\u015fl\u0131ca mek\u00e2nlar aras\u0131nda <a href=\"https:\/\/nefesorman.com\/nefes-servi\/\">Nefes Servi<\/a>, <a href=\"https:\/\/nefesorman.com\/nefes-koru\/\">Nefes Koru<\/a> ve <a href=\"https:\/\/nefesorman.com\/nefes-mazi\/\">Nefes Maz\u0131<\/a> b\u00f6l\u00fcmleri geliyor. Bunlar\u0131n yan\u0131nda <a href=\"https:\/\/nefesorman.com\/\">Nefes Orman<\/a> b\u00fcnyesinde hizmet veren <a href=\"https:\/\/nefesorman.com\/nefes-kulup\/\">Nefes Kul\u00fcp<\/a>, <a href=\"https:\/\/nefesorman.com\/nefes-atolye\/\">Nefes At\u00f6lye<\/a>, <a href=\"https:\/\/nefesorman.com\/nefes-trekking\/\">Nefes Trekking<\/a>, <a href=\"https:\/\/nefesorman.com\/nefes-macera-parkuru\/\">Nefes Parkur<\/a> ve <a href=\"https:\/\/nefesorman.com\/nefes-sahne\/\">Nefes Sahne<\/a> olarak adland\u0131r\u0131lan k\u0131s\u0131mlar bulunuyor. Bu b\u00f6l\u00fcmlerde yap\u0131lan \u00e7e\u015fitli aktiviteleri kurumsal etkinlik plan\u0131na ekleyebilirsiniz.<\/p>\n\n\n\n<p><a href=\"https:\/\/nefesorman.com\/nefes-kulup\/\">Nefes Kul\u00fcp<\/a>, \u00e7al\u0131\u015fanlar\u0131n stres atabilece\u011fi ve birbirleriyle kayna\u015fabilece\u011fi \u00e7e\u015fitli aktiviteler sunar. Kano, <a href=\"https:\/\/nefesorman.com\/nefes-binicilik\/\">binicilik<\/a>, ok\u00e7uluk ve tenis gibi spor etkinliklerinden yoga seanslar\u0131na kadar bir\u00e7ok farkl\u0131 aktivite, Nefes Kul\u00fcp&#8217;te m\u00fcmk\u00fcnd\u00fcr.<\/p>\n\n\n\n<p>Yarat\u0131c\u0131l\u0131\u011f\u0131 te\u015fvik eden at\u00f6lye \u00e7al\u0131\u015fmalar\u0131, \u00e7al\u0131\u015fanlar\u0131n yeni beceriler kazan\u0131lmas\u0131n\u0131 sa\u011flar. <a href=\"https:\/\/nefesorman.com\/nefes-atolye\/\">Nefes At\u00f6lye<\/a> etkinlikleri aras\u0131nda ah\u015fap boyama, \u00e7\u00f6mlek boyama, ebru sanat\u0131, geri d\u00f6n\u00fc\u015f\u00fcm ve botanik at\u00f6lyesi gibi se\u00e7enekler bulunur.<\/p>\n\n\n\n<p><a href=\"https:\/\/nefesorman.com\/nefes-sahne\/\">Nefes Sahne<\/a>; tiyatro, konser ve di\u011fer sahne etkinlikleri i\u00e7in ideal bir mek\u00e2nd\u0131r. \u00c7al\u0131\u015fanlar, Nefes Sahne&#8217;de d\u00fczenlenen etkinliklerde keyifli vakit ge\u00e7irebilirler.<\/p>\n\n\n\n<p><a href=\"https:\/\/nefesorman.com\/\">Nefes Orman<\/a>&#8216;\u0131n sundu\u011fu bu olanaklar, kurumsal aktiviteler i\u00e7in olduk\u00e7a avantajl\u0131d\u0131r. Do\u011fan\u0131n huzurunda, profesyonelce organize edilmi\u015f etkinliklerle \u00e7al\u0131\u015fanlar\u0131n\u0131z\u0131n motivasyonunu art\u0131rabilir ve \u015firket i\u00e7i ba\u011flar\u0131 g\u00fc\u00e7lendirebilirsiniz.<\/p>\n\n\n\n<div class=\"wp-block-buttons is-layout-flex wp-block-buttons-is-layout-flex\">\n<div class=\"wp-block-button\"><a class=\"wp-block-button__link wp-element-button\" href=\"https:\/\/nefesorman.com\/kurumsal-etkinlik\/\">nefes orman&#8217;da kurumsal etkinlik d\u00fczenleyin<\/a><\/div>\n<\/div>\n\n\n\n<h4 class=\"wp-block-heading\">Polonezk\u00f6y \/ \u0130stanbul<\/h4>\n\n\n\n<p>\u0130stanbul&#8217;a yak\u0131n konumuyla dikkat \u00e7eken Polonezk\u00f6y, do\u011fayla i\u00e7 i\u00e7e bir etkinlik i\u00e7in ideal bir mek\u00e2nd\u0131r. Burada kurumsal piknik organizasyonu yapabilir, \u00e7al\u0131\u015fanlar\u0131n\u0131za \u00f6zel bir <a href=\"https:\/\/nefesorman.com\/blog\/binicilik-sporu-nedir\/\">binicilik<\/a> deneyimi i\u00e7in \u00e7iftliklerle anla\u015fabilirsiniz. Gelenekselle\u015fmi\u015f ofis partileri i\u00e7in de Polonezk\u00f6y s\u0131k\u00e7a tercih edilen se\u00e7enekler aras\u0131nda yer al\u0131r.<\/p>\n\n\n\n<h4 class=\"wp-block-heading\">\u00c7atalca \/ \u0130stanbul<\/h4>\n\n\n\n<p>\u0130stanbul\u2019un Avrupa Yakas\u0131\u2019nda bulunan kurumsal etkinlik mek\u00e2nlar\u0131n\u0131n bir k\u0131sm\u0131 \u00c7atalca ve Silivri civar\u0131nda konumlan\u0131r. \u015eehir merkezinden uzakta olan bu semtlerde do\u011fayla i\u00e7 i\u00e7e vakit ge\u00e7irebilece\u011finiz farkl\u0131 i\u015fletmelerden birini tercih edebilirsiniz.<\/p>\n\n\n\n<p>Bah\u00e7eli restoranlarda piknik, kahvalt\u0131 ve \u015firket yeme\u011fi organizasyonu yapabilir; dilerseniz havuzlu tesislerde yaz partisi vermek, karaoke imk\u00e2n\u0131 sunan yerlerde karaoke partisi d\u00fczenlemek gibi daha yarat\u0131c\u0131 fikirler de \u00fcretebilirsiniz.<\/p>\n\n\n\n<p><strong>Kurumsal etkinlik motivasyon<\/strong>u art\u0131rmak ve \u00e7al\u0131\u015fanlar\u0131n birbirleriyle daha iyi ileti\u015fim kurmas\u0131n\u0131 sa\u011flamak i\u00e7in harika bir ara\u00e7t\u0131r. Bu etkinlikler, ekip ruhunu g\u00fc\u00e7lendirir, motivasyonu y\u00fckseltir, yarat\u0131c\u0131l\u0131\u011f\u0131 te\u015fvik eder ve stresi azalt\u0131r. \u0130yi bir kurumsal etkinlik mek\u00e2n\u0131 se\u00e7imi, etkinli\u011fin ba\u015far\u0131s\u0131 i\u00e7in b\u00fcy\u00fck \u00f6nem ta\u015f\u0131r.<\/p>\n\n\n\n<p>Kurumsal etkinliklerin faydalar\u0131n\u0131 g\u00f6z \u00f6n\u00fcnde bulundurarak, siz de \u015firketiniz i\u00e7in en uygun etkinlikleri planlayabilir ve \u00e7al\u0131\u015fanlar\u0131n\u0131za unutulmaz anlar ya\u015fatabilirsiniz. Bunun i\u00e7in geni\u015f olanaklar sunan <a href=\"https:\/\/nefesorman.com\/\">Nefes Orman<\/a>\u2019a mutlaka g\u00f6z atman\u0131z\u0131 \u00f6neriyoruz!<\/p>\n\n\n\n<div class=\"wp-block-buttons is-layout-flex wp-block-buttons-is-layout-flex\">\n<div class=\"wp-block-button\"><a class=\"wp-block-button__link wp-element-button\" href=\"https:\/\/nefesorman.com\/\">nefes orman&#8217;\u0131 ke\u015ffedin<\/a><\/div>\n<\/div>\n","protected":false},"excerpt":{"rendered":"<p>Kurumsal etkinlikler, modern i\u015f d\u00fcnyas\u0131nda \u015firketlerin \u00e7al\u0131\u015fan motivasyonunu art\u0131rmak, ekip ba\u011flar\u0131n\u0131 g\u00fc\u00e7lendirmek ve verimlili\u011fi y\u00fckseltmek i\u00e7in kulland\u0131klar\u0131 \u00f6nemli ara\u00e7lardan biridir. Motive olmu\u015f bir ekip, daha y\u00fcksek verimlilik, yarat\u0131c\u0131l\u0131k ve i\u015f tatmini sa\u011flar.&nbsp; Peki, kurumsal etkinlik tam olarak ne demek? Kurumsal etkinlik nerede yap\u0131l\u0131r ve neden bu kadar \u00f6nemlidir? Bu yaz\u0131m\u0131zda, kurumsal etkinliklerin \u015firket i\u00e7i motivasyona<\/p>\n","protected":false},"author":1,"featured_media":10137,"comment_status":"open","ping_status":"open","sticky":false,"template":"","format":"standard","meta":{"footnotes":""},"categories":[40],"tags":[73,74],"class_list":{"0":"post-10107","1":"post","2":"type-post","3":"status-publish","4":"format-standard","5":"has-post-thumbnail","7":"category-istanbul-kurumsal-etkinlik","8":"tag-kurumsal-etkinlik","9":"tag-sirket-etkinligi"},"_links":{"self":[{"href":"https:\/\/nefesorman.com\/blog\/wp-json\/wp\/v2\/posts\/10107"}],"collection":[{"href":"https:\/\/nefesorman.com\/blog\/wp-json\/wp\/v2\/posts"}],"about":[{"href":"https:\/\/nefesorman.com\/blog\/wp-json\/wp\/v2\/types\/post"}],"author":[{"embeddable":true,"href":"https:\/\/nefesorman.com\/blog\/wp-json\/wp\/v2\/users\/1"}],"replies":[{"embeddable":true,"href":"https:\/\/nefesorman.com\/blog\/wp-json\/wp\/v2\/comments?post=10107"}],"version-history":[{"count":9,"href":"https:\/\/nefesorman.com\/blog\/wp-json\/wp\/v2\/posts\/10107\/revisions"}],"predecessor-version":[{"id":10498,"href":"https:\/\/nefesorman.com\/blog\/wp-json\/wp\/v2\/posts\/10107\/revisions\/10498"}],"wp:featuredmedia":[{"embeddable":true,"href":"https:\/\/nefesorman.com\/blog\/wp-json\/wp\/v2\/media\/10137"}],"wp:attachment":[{"href":"https:\/\/nefesorman.com\/blog\/wp-json\/wp\/v2\/media?parent=10107"}],"wp:term":[{"taxonomy":"category","embeddable":true,"href":"https:\/\/nefesorman.com\/blog\/wp-json\/wp\/v2\/categories?post=10107"},{"taxonomy":"post_tag","embeddable":true,"href":"https:\/\/nefesorman.com\/blog\/wp-json\/wp\/v2\/tags?post=10107"}],"curies":[{"name":"wp","href":"https:\/\/api.w.org\/{rel}","templated":true}]}}