{"id":9900,"date":"2024-06-27T17:29:19","date_gmt":"2024-06-27T14:29:19","guid":{"rendered":"https:\/\/nefesorman.com\/blog\/?p=9900"},"modified":"2024-12-18T15:32:41","modified_gmt":"2024-12-18T12:32:41","slug":"motivasyon-artiran-sirket-etkinlikleri","status":"publish","type":"post","link":"https:\/\/nefesorman.com\/blog\/motivasyon-artiran-sirket-etkinlikleri\/","title":{"rendered":"Motivasyon Art\u0131ran \u015eirket Etkinlikleri"},"content":{"rendered":"\n<p><strong>\u015eirket etkinlikleri<\/strong> \u015eirket i\u00e7i ileti\u015fimi g\u00fc\u00e7lendirmek ad\u0131na d\u00fczenlenen <strong>motivasyon art\u0131r\u0131c\u0131 \u015firket etkinlikleri <\/strong>kurum i\u00e7inde daha g\u00fc\u00e7l\u00fc sosyal ili\u015fkiler kurulmas\u0131na \u00f6n ayak oluyor. Ayn\u0131 zamanda \u00e7al\u0131\u015fanlar\u0131n moral ve motivasyonu g\u00fc\u00e7lendi\u011finde hem ki\u015fisel hem de kurumsal anlamda verimlili\u011fin artt\u0131\u011f\u0131 g\u00f6zlemleniyor.<\/p>\n\n\n\n<p>E\u011fer \u00e7al\u0131\u015ft\u0131\u011f\u0131n\u0131z kurumda y\u00f6netici konumundaysan\u0131z ekibinizin daha iyi performans sergilemesini sa\u011flamak i\u00e7in \u015firket etkinlikleri d\u00fczenlemeyi d\u00fc\u015f\u00fcnebilirsiniz. <\/p>\n\n\n\n<p>Peki, ger\u00e7ekten <strong>motivasyon artt\u0131ran \u015firket etkinlikleri nelerdir? <\/strong>Kurumsal aktiviteler nerelerde d\u00fczenlenir? \u015eirket etkinli\u011fi d\u00fczenlerken dikkat etmeniz gerekenler neler? Bu i\u00e7erikte motivasyon artt\u0131ran \u015firket etkinlikleri ile ilgili bilmeniz gereken t\u00fcm detaylar\u0131 sizin i\u00e7in s\u0131ral\u0131yoruz. <\/p>\n\n\n\n<p>Bu rehber sayesinde siz de birbirinden e\u011flenceli ve faydal\u0131 <strong>\u015firket etkinlikleri <\/strong>d\u00fczenleyebilirsiniz. \u0130\u015fte, kurumsal etkinlikler hakk\u0131nda bilmeniz gereken ayr\u0131nt\u0131lar!<\/p>\n\n\n\n<div class=\"wp-block-buttons is-layout-flex wp-block-buttons-is-layout-flex\">\n<div class=\"wp-block-button\"><a class=\"wp-block-button__link wp-element-button\" href=\"https:\/\/nefesorman.com\/kurumsal-etkinlik\/\">do\u011fada \u015firket etkinli\u011fi planlay\u0131n<\/a><\/div>\n<\/div>\n\n\n\n<h2 class=\"wp-block-heading\">Motivasyon Art\u0131ran \u015eirket Etkinlikleri Nelerdir?<\/h2>\n\n\n\n<h3 class=\"wp-block-heading\">Kurumsal Piknik<\/h3>\n\n\n\n<figure class=\"wp-block-image size-full\"><img fetchpriority=\"high\" decoding=\"async\" width=\"1024\" height=\"578\" src=\"https:\/\/nefesorman.com\/blog\/wp-content\/uploads\/2024\/06\/Kurumsal-Piknik-Nefes-Orman.jpg\" alt=\"Motivasyon Art\u0131ran \u015eirket Etkinlikleri\" class=\"wp-image-9906\" srcset=\"https:\/\/nefesorman.com\/blog\/wp-content\/uploads\/2024\/06\/Kurumsal-Piknik-Nefes-Orman.jpg 1024w, https:\/\/nefesorman.com\/blog\/wp-content\/uploads\/2024\/06\/Kurumsal-Piknik-Nefes-Orman-300x169.jpg 300w, https:\/\/nefesorman.com\/blog\/wp-content\/uploads\/2024\/06\/Kurumsal-Piknik-Nefes-Orman-768x434.jpg 768w, https:\/\/nefesorman.com\/blog\/wp-content\/uploads\/2024\/06\/Kurumsal-Piknik-Nefes-Orman-150x85.jpg 150w, https:\/\/nefesorman.com\/blog\/wp-content\/uploads\/2024\/06\/Kurumsal-Piknik-Nefes-Orman-450x254.jpg 450w\" sizes=\"(max-width: 1024px) 100vw, 1024px\" \/><figcaption class=\"wp-element-caption\">Motivasyon Art\u0131ran \u015eirket Etkinlikleri Nelerdir? \/ Foto\u011fraf: gettyimages<\/figcaption><\/figure>\n\n\n\n<p>\u015eirket \u00e7al\u0131\u015fanlar\u0131 mevsim ge\u00e7i\u015flerinde, tatil sonras\u0131nda veya yo\u011fun bir \u00e7al\u0131\u015fma d\u00f6neminin ard\u0131ndan <strong>motivasyon d\u00fc\u015f\u00fckl\u00fc\u011f\u00fc<\/strong> ile kar\u015f\u0131 kar\u015f\u0131ya kalabilir. Bu durumun \u00fcstesinden gelmek i\u00e7in e\u011flenceli kurumsal aktiviteler d\u00fczenleyebilirsiniz. <\/p>\n\n\n\n<p>Bu etkinliklerin ba\u015f\u0131nda <strong>kurumsal piknik<\/strong>ler gelir. \u00d6zellikle bahar ve yaz aylar\u0131nda \u0131s\u0131nan havalarla birlikte i\u015fe konsantre olma konusunda g\u00fc\u00e7l\u00fck ya\u015fand\u0131\u011f\u0131n\u0131 hissediyorsan\u0131z mevsimin getirisi olan bu durumu f\u0131rsata d\u00f6n\u00fc\u015ft\u00fcrebilirsiniz.<\/p>\n\n\n\n<p>Kurumsal pikniklerde \u00e7al\u0131\u015fanlarla birlikte a\u00e7\u0131k havada yiyip i\u00e7menin, \u00e7e\u015fitli oyunlar oynaman\u0131n, s\u00f6yle\u015fi ve yar\u0131\u015fmalar d\u00fczenlemenin heyecan\u0131n\u0131 ya\u015fayabilirsiniz. Bunun i\u00e7in \u00e7e\u015fitli mesire alanlar\u0131nda do\u011fal bir etkinlik d\u00fczenlemek de\u011ferlendirebilece\u011finiz bir fikir. <\/p>\n\n\n\n<p>Daha profesyonel bir deneyim i\u00e7in ise <strong><a href=\"https:\/\/nefesorman.com\/kurumsal-etkinlik\/\">kurumsal etkinlikler<\/a><\/strong> i\u00e7in \u00f6zel olanaklar sunan i\u015fletmeleri tercih edebilirsiniz.<\/p>\n\n\n\n<p>Yemye\u015fil piknik alanlar\u0131 ve \u00e7oklu aktivite se\u00e7enekleri ile kurumsal pikniklerde tercih edebilece\u011finiz adreslerden birisi <a href=\"https:\/\/nefesorman.com\/\" rel=\"nofollow\">Nefes Orman<\/a>\u2019d\u0131r. Bu tesiste yer alan piknik alanlar\u0131nda <a href=\"https:\/\/nefesorman.com\/blog\/sirket-piknigi-icin-10-fikir-onerisi\/\">\u015firket pikni\u011fi <\/a>d\u00fczenleyebilir, <a href=\"https:\/\/nefesorman.com\/nefes-kulup\/\" target=\"_blank\" rel=\"noreferrer noopener\">Nefes Kul\u00fcp<\/a> b\u00fcnyesindeki \u00e7e\u015fitli spor dallar\u0131n\u0131 firma \u00e7al\u0131\u015fanlar\u0131 ile birlikte deneyimleme f\u0131rsat\u0131 yakalayabilirsiniz.<\/p>\n\n\n\n<p>\u0130stanbul\u2019da yer alan alternatif <a href=\"https:\/\/nefesorman.com\/blog\/istanbul-piknik-alanlari\/\">piknik alanlar\u0131<\/a>n\u0131 incelemek i\u00e7in \u0130stanbul\u2019daki en iyi piknik alanlar\u0131 yaz\u0131m\u0131za g\u00f6z atabilirsiniz.<\/p>\n\n\n\n<div class=\"wp-block-buttons is-layout-flex wp-block-buttons-is-layout-flex\">\n<div class=\"wp-block-button\"><a class=\"wp-block-button__link wp-element-button\" href=\"https:\/\/nefesorman.com\/blog\/sirket-piknigi-icin-10-fikir-onerisi\/\">\u015firket pikni\u011fi d\u00fczenlemenin p\u00fcf noktalar\u0131n\u0131 \u00f6\u011frenin<\/a><\/div>\n<\/div>\n\n\n\n<h3 class=\"wp-block-heading\">Spor Etkinlikleri<\/h3>\n\n\n\n<figure class=\"wp-block-image size-full\"><img decoding=\"async\" width=\"1024\" height=\"578\" src=\"https:\/\/nefesorman.com\/blog\/wp-content\/uploads\/2024\/06\/Spor-Etkinlikleri-Nefes-Orman.jpg\" alt=\"Motivasyon Art\u0131ran \u015eirket Etkinlikleri\" class=\"wp-image-9909\" srcset=\"https:\/\/nefesorman.com\/blog\/wp-content\/uploads\/2024\/06\/Spor-Etkinlikleri-Nefes-Orman.jpg 1024w, https:\/\/nefesorman.com\/blog\/wp-content\/uploads\/2024\/06\/Spor-Etkinlikleri-Nefes-Orman-300x169.jpg 300w, https:\/\/nefesorman.com\/blog\/wp-content\/uploads\/2024\/06\/Spor-Etkinlikleri-Nefes-Orman-768x434.jpg 768w, https:\/\/nefesorman.com\/blog\/wp-content\/uploads\/2024\/06\/Spor-Etkinlikleri-Nefes-Orman-150x85.jpg 150w, https:\/\/nefesorman.com\/blog\/wp-content\/uploads\/2024\/06\/Spor-Etkinlikleri-Nefes-Orman-450x254.jpg 450w\" sizes=\"(max-width: 1024px) 100vw, 1024px\" \/><figcaption class=\"wp-element-caption\">Spor Etkinlikleri \/ Foto\u011fraf: gettyimages<\/figcaption><\/figure>\n\n\n\n<p><a href=\"https:\/\/nefesorman.com\/kurumsal-etkinlik\/\">Kurumsal etkinlik<\/a> d\u00fczenlemek istiyorsan\u0131z \u00e7e\u015fitli spor dallar\u0131ndan ilham alabilirsiniz. Uygun bir tesis bulup burada mini golf turnuvas\u0131 d\u00fczenlemek \u00e7al\u0131\u015fanlar\u0131n\u0131z i\u00e7in s\u0131ra d\u0131\u015f\u0131 ve e\u011flenceli bir fikir olabilir.<\/p>\n\n\n\n<p>Erkeklerin en sevdi\u011fi aktivitelerden biri olan hal\u0131 saha ma\u00e7lar\u0131 da sportif anlamda d\u00fczenleyebilece\u011finiz kurum i\u00e7i etkinliklerden birisidir. Uygun bir g\u00fcn ve saat belirleyip \u00e7al\u0131\u015fanlar\u0131n\u0131zla hal\u0131 saha ma\u00e7\u0131 yaparak t\u00fcm ekibin de\u015farj olmas\u0131n\u0131 sa\u011flayabilirsiniz.<\/p>\n\n\n\n<p>Hareketli ve dinamik bir kurumsal etkinlik olu\u015fturmak i\u00e7in paintball mek\u00e2nlar\u0131n\u0131 da de\u011ferlendirebilirsiniz. \u00c7al\u0131\u015fanlar\u0131n iki grup olarak birbirinden ayr\u0131ld\u0131\u011f\u0131 tak\u0131mlar olu\u015fturup bu tak\u0131mlar aras\u0131nda e\u011flenceli bir paintball sava\u015f\u0131 d\u00fczenleyebilirsiniz.<\/p>\n\n\n\n<p>Ok\u00e7uluk, binicilik, tenis gibi daha bir\u00e7ok farkl\u0131 spor dal\u0131 ile alakal\u0131 kurumsal etkinlikler olu\u015fturman\u0131z m\u00fcmk\u00fcn. <a href=\"https:\/\/nefesorman.com\/\">Nefes Orman<\/a>\u2019da yapaca\u011f\u0131n\u0131z kurumsal etkinliklerde tesis b\u00fcnyesinde sunulan bu tarz organizasyonlardan yararlanmak i\u00e7in <a href=\"https:\/\/nefesorman.com\/\">Nefes Orman<\/a>\u2019la direkt olarak ileti\u015fime ge\u00e7ebilir, kendi firman\u0131za \u00f6zg\u00fc kurumsal aktiviteler planlayabilirsiniz.<\/p>\n\n\n\n<div class=\"wp-block-buttons is-layout-flex wp-block-buttons-is-layout-flex\">\n<div class=\"wp-block-button\"><a class=\"wp-block-button__link wp-element-button\" href=\"https:\/\/nefesorman.com\/nefes-kulup\/\">nefes kul\u00fcp etkinliklerini inceleyin<\/a><\/div>\n<\/div>\n\n\n\n<h3 class=\"wp-block-heading\">Karaoke Partisi<\/h3>\n\n\n\n<figure class=\"wp-block-image size-full\"><img decoding=\"async\" width=\"1024\" height=\"578\" src=\"https:\/\/nefesorman.com\/blog\/wp-content\/uploads\/2024\/06\/Karaoke-Partisi-Nefes-Orman.png\" alt=\"Motivasyon Art\u0131ran \u015eirket Etkinlikleri\" class=\"wp-image-9916\" srcset=\"https:\/\/nefesorman.com\/blog\/wp-content\/uploads\/2024\/06\/Karaoke-Partisi-Nefes-Orman.png 1024w, https:\/\/nefesorman.com\/blog\/wp-content\/uploads\/2024\/06\/Karaoke-Partisi-Nefes-Orman-300x169.png 300w, https:\/\/nefesorman.com\/blog\/wp-content\/uploads\/2024\/06\/Karaoke-Partisi-Nefes-Orman-768x434.png 768w, https:\/\/nefesorman.com\/blog\/wp-content\/uploads\/2024\/06\/Karaoke-Partisi-Nefes-Orman-150x85.png 150w, https:\/\/nefesorman.com\/blog\/wp-content\/uploads\/2024\/06\/Karaoke-Partisi-Nefes-Orman-450x254.png 450w\" sizes=\"(max-width: 1024px) 100vw, 1024px\" \/><figcaption class=\"wp-element-caption\">Karaoke Partisi \/ Foto\u011fraf: gettyimages<\/figcaption><\/figure>\n\n\n\n<p>Arkada\u015f gruplar\u0131n\u0131n e\u011flenmek i\u00e7in s\u0131k s\u0131k organize etti\u011fi <strong>karaoke partileri<\/strong> de motivasyon art\u0131ran kurumsal etkinlikler aras\u0131nda de\u011ferlendirebilir.<\/p>\n\n\n\n<p>Firma \u00e7al\u0131\u015fanlar\u0131 ile doya doya \u015fark\u0131 s\u00f6yleyebilece\u011finiz, sesi g\u00fczel olanlar\u0131n usan\u0131p s\u0131k\u0131lmadan sahnede boy g\u00f6sterece\u011fi, hepbir a\u011f\u0131zdan sevilen \u015fark\u0131lar\u0131n seslendirilece\u011fi e\u011flenceli bir organizasyona ne dersiniz? <\/p>\n\n\n\n<p>Karaoke partileri sayesinde \u00e7al\u0131\u015fanlar\u0131n stresten ar\u0131nmas\u0131n\u0131 ve doya doya e\u011flenmelerini sa\u011flayabilirsiniz. <strong>\u0130stanbul, Ankara, \u0130zmir <\/strong>gibi b\u00fcy\u00fck\u015fehirlerde \u00e7ok say\u0131da karaoke mekan\u0131 mevcut. Bu mek\u00e2nlardan birine rezervasyon yapt\u0131r\u0131p kurumsal bir karaoke partisi d\u00fczenleyebilirsiniz.<\/p>\n\n\n\n<h3 class=\"wp-block-heading\">Yemek At\u00f6lyeleri<\/h3>\n\n\n\n<figure class=\"wp-block-image size-full\"><img loading=\"lazy\" decoding=\"async\" width=\"1024\" height=\"578\" src=\"https:\/\/nefesorman.com\/blog\/wp-content\/uploads\/2024\/06\/Yemek-Atolyeleri-Nefes-Orman.jpg\" alt=\"Motivasyon Art\u0131ran \u015eirket Etkinlikleri\" class=\"wp-image-9913\" srcset=\"https:\/\/nefesorman.com\/blog\/wp-content\/uploads\/2024\/06\/Yemek-Atolyeleri-Nefes-Orman.jpg 1024w, https:\/\/nefesorman.com\/blog\/wp-content\/uploads\/2024\/06\/Yemek-Atolyeleri-Nefes-Orman-300x169.jpg 300w, https:\/\/nefesorman.com\/blog\/wp-content\/uploads\/2024\/06\/Yemek-Atolyeleri-Nefes-Orman-768x434.jpg 768w, https:\/\/nefesorman.com\/blog\/wp-content\/uploads\/2024\/06\/Yemek-Atolyeleri-Nefes-Orman-150x85.jpg 150w, https:\/\/nefesorman.com\/blog\/wp-content\/uploads\/2024\/06\/Yemek-Atolyeleri-Nefes-Orman-450x254.jpg 450w\" sizes=\"(max-width: 1024px) 100vw, 1024px\" \/><figcaption class=\"wp-element-caption\">Yemek At\u00f6lyeleri \/ Foto\u011fraf: gettyimages<\/figcaption><\/figure>\n\n\n\n<p>Motivasyonun yan\u0131 s\u0131ra \u00fcretkenli\u011finizi de art\u0131racak <strong>\u015firket etkinlikleri<\/strong>ni ara\u015ft\u0131r\u0131yorsan\u0131z yemek at\u00f6lyeleri d\u00fczenlemeyi d\u00fc\u015f\u00fcnebilirsiniz. Workshop \u015feklinde yapaca\u011f\u0131n\u0131z bu etkinliklerde hem bireysel hem de grup olarak farkl\u0131 lezzetler \u00fcretmenin tad\u0131n\u0131 \u00e7\u0131karabilirsiniz. <\/p>\n\n\n\n<p>Belli bir konsept \u00f6zelinde d\u00fczenlenen pasta yapma, pizza yapma gibi at\u00f6lyelere odaklanabilece\u011finiz gibi yeni ke\u015fifler yaparak kendi tariflerinizi \u00fcretebilece\u011finiz <strong>yemek at\u00f6lyeleri <\/strong>de organize edebilirsiniz.<\/p>\n\n\n\n<h3 class=\"wp-block-heading\">Sanatsal Workshoplar<\/h3>\n\n\n\n<figure class=\"wp-block-image size-full\"><img loading=\"lazy\" decoding=\"async\" width=\"1024\" height=\"578\" src=\"https:\/\/nefesorman.com\/blog\/wp-content\/uploads\/2024\/06\/Sanatsal-Workshoplar-Nefes-Orman.jpg\" alt=\"Motivasyon Art\u0131ran \u015eirket Etkinlikleri\" class=\"wp-image-9915\" srcset=\"https:\/\/nefesorman.com\/blog\/wp-content\/uploads\/2024\/06\/Sanatsal-Workshoplar-Nefes-Orman.jpg 1024w, https:\/\/nefesorman.com\/blog\/wp-content\/uploads\/2024\/06\/Sanatsal-Workshoplar-Nefes-Orman-300x169.jpg 300w, https:\/\/nefesorman.com\/blog\/wp-content\/uploads\/2024\/06\/Sanatsal-Workshoplar-Nefes-Orman-768x434.jpg 768w, https:\/\/nefesorman.com\/blog\/wp-content\/uploads\/2024\/06\/Sanatsal-Workshoplar-Nefes-Orman-150x85.jpg 150w, https:\/\/nefesorman.com\/blog\/wp-content\/uploads\/2024\/06\/Sanatsal-Workshoplar-Nefes-Orman-450x254.jpg 450w\" sizes=\"(max-width: 1024px) 100vw, 1024px\" \/><figcaption class=\"wp-element-caption\">Sanatsal Workshoplar<\/figcaption><\/figure>\n\n\n\n<p>Firma \u00e7al\u0131\u015fanlar\u0131n\u0131n hayal g\u00fcc\u00fcn\u00fc harekete ge\u00e7irecek, bir yandan zihinsel olarak dinlenmelerini bir yandan da yarat\u0131c\u0131l\u0131klar\u0131n\u0131 geli\u015ftirmeyi sa\u011flayacak sanatsal at\u00f6lyeler d\u00fczenleyebilirsiniz. Bu tarz etkinliklere \u00f6rnek olarak ah\u015fap boyama, \u00e7\u00f6mlek yapma gibi aktiviteler verilebilir.<\/p>\n\n\n\n<p>\u00c7evre bilincini art\u0131rmak ve sosyal sorumluluk anlam\u0131nda daha bilin\u00e7li bir ekip haline gelmek i\u00e7in ise geri d\u00f6n\u00fc\u015f\u00fcm at\u00f6lyelerine kat\u0131l\u0131m sa\u011flayabilirsiniz. Nefes Orman\u2019\u0131n <a href=\"https:\/\/nefesorman.com\/nefes-atolye\/\" data-type=\"link\" data-id=\"https:\/\/nefesorman.com\/nefes-atolye\/\">Nefes At\u00f6lye<\/a> b\u00f6l\u00fcm\u00fcnde bu tarz etkinlikler herkese a\u00e7\u0131k olarak hali haz\u0131rda d\u00fczenleniyor.<\/p>\n\n\n\n<p>Siz de uzman e\u011fitmenler e\u015fli\u011finde bu tip aktiviteler yapabilece\u011finiz bir kurum etkinli\u011fi organize etmek istiyorsan\u0131z <a href=\"https:\/\/nefesorman.com\/\">Nefes Orman<\/a>\u2019dan bu konuda destek alarak firman\u0131za \u00f6zg\u00fc bir <a href=\"https:\/\/nefesorman.com\/kurumsal-etkinlik\/\">kurumsal etkinlik<\/a> planlayabilirsiniz.<\/p>\n\n\n\n<div class=\"wp-block-buttons is-layout-flex wp-block-buttons-is-layout-flex\">\n<div class=\"wp-block-button\"><a class=\"wp-block-button__link wp-element-button\" href=\"https:\/\/nefesorman.com\/nefes-atolye\/\">nefes at\u00f6lye etkinliklerini ke\u015ffedin<\/a><\/div>\n<\/div>\n\n\n\n<h3 class=\"wp-block-heading\">Spa ve Wellness Etkinlikleri<\/h3>\n\n\n\n<figure class=\"wp-block-image size-full\"><img loading=\"lazy\" decoding=\"async\" width=\"1024\" height=\"578\" src=\"https:\/\/nefesorman.com\/blog\/wp-content\/uploads\/2024\/06\/Spa-ve-Wellness-Etkinlikleri.jpg\" alt=\"Motivasyon Art\u0131ran \u015eirket Etkinlikleri\" class=\"wp-image-9922\" srcset=\"https:\/\/nefesorman.com\/blog\/wp-content\/uploads\/2024\/06\/Spa-ve-Wellness-Etkinlikleri.jpg 1024w, https:\/\/nefesorman.com\/blog\/wp-content\/uploads\/2024\/06\/Spa-ve-Wellness-Etkinlikleri-300x169.jpg 300w, https:\/\/nefesorman.com\/blog\/wp-content\/uploads\/2024\/06\/Spa-ve-Wellness-Etkinlikleri-768x434.jpg 768w, https:\/\/nefesorman.com\/blog\/wp-content\/uploads\/2024\/06\/Spa-ve-Wellness-Etkinlikleri-150x85.jpg 150w, https:\/\/nefesorman.com\/blog\/wp-content\/uploads\/2024\/06\/Spa-ve-Wellness-Etkinlikleri-450x254.jpg 450w\" sizes=\"(max-width: 1024px) 100vw, 1024px\" \/><figcaption class=\"wp-element-caption\">Spa ve Wellness Etkinlikleri<\/figcaption><\/figure>\n\n\n\n<p>\u015eirket \u00e7al\u0131\u015fanlar\u0131na \u00f6zel ve rahatlat\u0131c\u0131 bir deneyim sunmak istiyorsan\u0131z onlar i\u00e7in son derece keyifli bir spa ve wellness g\u00fcn\u00fc organize edebilirsiniz. Bunun i\u00e7in ilgilendi\u011finiz olanaklar\u0131 sunan \u00e7e\u015fitli otel ve spa merkezleri ile ileti\u015fime ge\u00e7meniz m\u00fcmk\u00fcn.<\/p>\n\n\n\n<p>Masaj, sauna, aromaterapi, hamam gibi farkl\u0131 olanaklar\u0131n sunuldu\u011fu i\u015fletmeler mevcut. Buralarda toplu aktivitelerle hem e\u011flenceli hem de rahatlat\u0131c\u0131 deneyimler ya\u015fayabilirsiniz. <\/p>\n\n\n\n<p>Kad\u0131nlara ve erkeklere \u00f6zel ayr\u0131 ayr\u0131 aktiviteler d\u00fczenleyerek \u015firket \u00e7al\u0131\u015fanlar\u0131n\u0131n stresten ar\u0131nmas\u0131n\u0131 ve daha verimli bir \u015fekilde i\u015f hayat\u0131na devam etmesini sa\u011flayabilirsiniz.<\/p>\n\n\n\n<h3 class=\"wp-block-heading\">Motivasyon Konu\u015fmac\u0131s\u0131 ile Yap\u0131lan S\u00f6yle\u015fi ve Seminerler<\/h3>\n\n\n\n<figure class=\"wp-block-image size-full\"><img loading=\"lazy\" decoding=\"async\" width=\"1024\" height=\"578\" src=\"https:\/\/nefesorman.com\/blog\/wp-content\/uploads\/2024\/06\/Motivasyon-Konusmacisi-ile-Yapilan-Soylesi-ve-Seminerler.jpg\" alt=\"Motivasyon Konu\u015fmac\u0131s\u0131 ile Yap\u0131lan S\u00f6yle\u015fi ve Seminerler\" class=\"wp-image-9925\" srcset=\"https:\/\/nefesorman.com\/blog\/wp-content\/uploads\/2024\/06\/Motivasyon-Konusmacisi-ile-Yapilan-Soylesi-ve-Seminerler.jpg 1024w, https:\/\/nefesorman.com\/blog\/wp-content\/uploads\/2024\/06\/Motivasyon-Konusmacisi-ile-Yapilan-Soylesi-ve-Seminerler-300x169.jpg 300w, https:\/\/nefesorman.com\/blog\/wp-content\/uploads\/2024\/06\/Motivasyon-Konusmacisi-ile-Yapilan-Soylesi-ve-Seminerler-768x434.jpg 768w, https:\/\/nefesorman.com\/blog\/wp-content\/uploads\/2024\/06\/Motivasyon-Konusmacisi-ile-Yapilan-Soylesi-ve-Seminerler-150x85.jpg 150w, https:\/\/nefesorman.com\/blog\/wp-content\/uploads\/2024\/06\/Motivasyon-Konusmacisi-ile-Yapilan-Soylesi-ve-Seminerler-450x254.jpg 450w\" sizes=\"(max-width: 1024px) 100vw, 1024px\" \/><figcaption class=\"wp-element-caption\">Motivasyon Konu\u015fmac\u0131s\u0131 ile Yap\u0131lan S\u00f6yle\u015fi ve Seminerler<\/figcaption><\/figure>\n\n\n\n<p>Firman\u0131zda \u00e7al\u0131\u015fanlar\u0131n motivasyonunu y\u00fckseltmek i\u00e7in bu konuda uzmanla\u015fm\u0131\u015f profesyonellerin tecr\u00fcbelerinden yararlanmay\u0131 d\u00fc\u015f\u00fcnebilirsiniz. <strong>S\u00f6yle\u015fi<\/strong> format\u0131nda d\u00fczenleyece\u011finiz <a href=\"https:\/\/nefesorman.com\/kurumsal-etkinlik\/\">firma etkinlikleri<\/a>nde ba\u015fkalar\u0131n\u0131n ba\u015far\u0131 hikayelerinin \u00e7al\u0131\u015fanlar\u0131n\u0131za ilham olmas\u0131n\u0131 sa\u011flayabilirsiniz.<\/p>\n\n\n\n<p>Hem ki\u015fisel geli\u015fim alan\u0131nda hem de sekt\u00f6r\u00fcn\u00fcze uygun olarak daha \u00f6nce ba\u015far\u0131y\u0131 yakalam\u0131\u015f ki\u015filerin tecr\u00fcbelerini aktaraca\u011f\u0131 paneller organize etmeniz m\u00fcmk\u00fcn. Bu tip etkinlikleri daha interaktif hale getirmek i\u00e7in <strong>seminer<\/strong> program\u0131na soru-cevap a\u015famas\u0131n\u0131 da dahil edebilirsiniz. <\/p>\n\n\n\n<p>Bu sayede kurum \u00e7al\u0131\u015fanlar\u0131n\u0131n akl\u0131na tak\u0131lan sorulara cevap bulmas\u0131n\u0131 sa\u011flayabilir, daha motive ve bilin\u00e7li bir \u015fekilde \u00e7al\u0131\u015fmalar\u0131na kald\u0131klar\u0131 yerden devam etmelerini sa\u011flayabilirsiniz.<\/p>\n\n\n\n<h3 class=\"wp-block-heading\">Ka\u00e7\u0131\u015f Odas\u0131 Oyunlar\u0131<\/h3>\n\n\n\n<figure class=\"wp-block-image size-full\"><img loading=\"lazy\" decoding=\"async\" width=\"1024\" height=\"578\" src=\"https:\/\/nefesorman.com\/blog\/wp-content\/uploads\/2024\/06\/Kacis-Odasi-Oyunlari.jpg\" alt=\"Ka\u00e7\u0131\u015f Odas\u0131 Oyunlar\u0131\" class=\"wp-image-9927\" srcset=\"https:\/\/nefesorman.com\/blog\/wp-content\/uploads\/2024\/06\/Kacis-Odasi-Oyunlari.jpg 1024w, https:\/\/nefesorman.com\/blog\/wp-content\/uploads\/2024\/06\/Kacis-Odasi-Oyunlari-300x169.jpg 300w, https:\/\/nefesorman.com\/blog\/wp-content\/uploads\/2024\/06\/Kacis-Odasi-Oyunlari-768x434.jpg 768w, https:\/\/nefesorman.com\/blog\/wp-content\/uploads\/2024\/06\/Kacis-Odasi-Oyunlari-150x85.jpg 150w, https:\/\/nefesorman.com\/blog\/wp-content\/uploads\/2024\/06\/Kacis-Odasi-Oyunlari-450x254.jpg 450w\" sizes=\"(max-width: 1024px) 100vw, 1024px\" \/><figcaption class=\"wp-element-caption\">Ka\u00e7\u0131\u015f Odas\u0131 Oyunlar\u0131<\/figcaption><\/figure>\n\n\n\n<p>\u00c7al\u0131\u015fanlar\u0131n\u0131z\u0131n moitvasyonunu ar\u0131t\u0131p problem \u00e7\u00f6zme becerilerini geli\u015ftirmek i\u00e7in ka\u00e7\u0131\u015f odas\u0131 oyunlar\u0131 organize edebilirsiniz. Bu etkinlik kapsam\u0131nda tak\u0131m halinde belli bir mek\u00e2nda kitli kalan \u00e7al\u0131\u015fanlar buradan \u00e7\u0131kabilmek i\u00e7in \u00e7e\u015fitli ipu\u00e7lar\u0131n\u0131 takip ederek \u00e7\u0131k\u0131\u015f yolunu bulmak durumunda kal\u0131r. <\/p>\n\n\n\n<p>Bu ipu\u00e7lar\u0131n\u0131 \u00e7\u00f6zmek i\u00e7in kendi aras\u0131nda beyin f\u0131rt\u0131nas\u0131 yapan \u00e7al\u0131\u015fanlar aras\u0131ndaki sosyal ba\u011flar g\u00fc\u00e7lenirken bir yandan da ba\u015fka bir konuda sorun \u00e7\u00f6zme kabiliyetleri artar. Hafta sonu d\u00fczenleyece\u011finiz bu tarz bir <a href=\"https:\/\/nefesorman.com\/kurumsal-etkinlik\/\">kurumsal etkinlik<\/a>, hem \u00e7al\u0131\u015fanlar\u0131n\u0131z\u0131n kafalar\u0131n\u0131n da\u011f\u0131lmas\u0131na hem de verimliliklerinin artmas\u0131na yard\u0131mc\u0131 olacakt\u0131r.<\/p>\n\n\n\n<p>Kurum i\u00e7i sosyal ba\u011flar\u0131n ve \u00e7al\u0131\u015fanlar\u0131n motivasyonlar\u0131n\u0131n iyile\u015ftirilmesi i\u00e7in d\u00fczenleyebilece\u011finiz motivasyon art\u0131r\u0131c\u0131 kurumsal etkinlikler listesini daha da geni\u015fletmek m\u00fcmk\u00fcn. Bu tarz planlamalar yaparken do\u011fan\u0131n insan \u00fczerindeki olumlu etkilerini de g\u00f6z \u00f6n\u00fcnde bulundurmay\u0131 unutmay\u0131n.<\/p>\n\n\n\n<p>\u00c7al\u0131\u015fanlar\u0131n\u0131z\u0131n do\u011fa ile i\u00e7 i\u00e7e vakit ge\u00e7irebilece\u011fi kurumsal etkinlikler i\u00e7in b\u00fcnyesinde <a href=\"https:\/\/nefesorman.com\/blog\/kategori\/istanbul-aktiviteler\/istanbul-doga-yuruyusu\/\">trekking<\/a> parkuru, t\u0131rmanma duvar\u0131, zipline gibi do\u011fa aktiviteleri i\u00e7eren tesisleri tercih edebilirsiniz. Bu tip tesislere \u00f6rnek vermek gerekirse <a href=\"https:\/\/nefesorman.com\/\">Nefes Orman<\/a>\u2019\u0131 mutlaka incelemelisiniz. <\/p>\n\n\n\n<p>Burada <a href=\"https:\/\/nefesorman.com\/nefes-trekking\/\">Nefes Trekking<\/a> ve <a href=\"https:\/\/nefesorman.com\/nefes-macera-parkuru\/\">Nefes Parkur<\/a> b\u00f6l\u00fcmlerinde \u00e7al\u0131\u015fanlar\u0131n do\u011fan\u0131n kalbinde e\u015fsiz deneyimler ya\u015famas\u0131na ortam haz\u0131rlayabilirsiniz.<\/p>\n\n\n\n<p>\u015eirket etkinlikleriniz i\u00e7in <a href=\"https:\/\/nefesorman.com\/\">Nefes Orman<\/a> ile birlikte \u00e7al\u0131\u015fan <a href=\"https:\/\/nefesorman.com\/kurumsal-etkinlik\/\">kurumsal etkinlik<\/a> ajans\u0131 ile ileti\u015fime ge\u00e7ebilir, i\u015fletmenin sundu\u011fu say\u0131s\u0131z olanaktan yararlanarak birbirinden \u00f6zel piknik partileri, do\u011fa konseptli etkinlikler, spor yar\u0131\u015fmalar\u0131 ve daha nicelerini d\u00fczenleyebilirsiniz.<\/p>\n\n\n\n<p>Dilerseniz, <a href=\"https:\/\/nefesorman.com\/\">Nefes Orman<\/a> b\u00fcnyesinde yer alan <a href=\"https:\/\/nefesorman.com\/nefes-sahne\/\">Nefes Sahne<\/a>\u2019deki konserlere de ekip halinde kat\u0131l\u0131m sa\u011flayabilirsiniz. Tesiste d\u00fczenlenen en g\u00fcncel konser ve festivallere ula\u015fmak i\u00e7in Nefes Etkinlik b\u00f6l\u00fcm\u00fcne g\u00f6z atabilirsiniz.<\/p>\n\n\n\n<div class=\"wp-block-buttons is-layout-flex wp-block-buttons-is-layout-flex\">\n<div class=\"wp-block-button\"><a class=\"wp-block-button__link wp-element-button\" href=\"https:\/\/nefesorman.com\/\">nefes orman&#8217;\u0131 yak\u0131ndan tan\u0131y\u0131n<\/a><\/div>\n<\/div>\n","protected":false},"excerpt":{"rendered":"<p>\u015eirket etkinlikleri \u015eirket i\u00e7i ileti\u015fimi g\u00fc\u00e7lendirmek ad\u0131na d\u00fczenlenen motivasyon art\u0131r\u0131c\u0131 \u015firket etkinlikleri kurum i\u00e7inde daha g\u00fc\u00e7l\u00fc sosyal ili\u015fkiler kurulmas\u0131na \u00f6n ayak oluyor. Ayn\u0131 zamanda \u00e7al\u0131\u015fanlar\u0131n moral ve motivasyonu g\u00fc\u00e7lendi\u011finde hem ki\u015fisel hem de kurumsal anlamda verimlili\u011fin artt\u0131\u011f\u0131 g\u00f6zlemleniyor. E\u011fer \u00e7al\u0131\u015ft\u0131\u011f\u0131n\u0131z kurumda y\u00f6netici konumundaysan\u0131z ekibinizin daha iyi performans sergilemesini sa\u011flamak i\u00e7in \u015firket etkinlikleri d\u00fczenlemeyi d\u00fc\u015f\u00fcnebilirsiniz. Peki,<\/p>\n","protected":false},"author":1,"featured_media":9904,"comment_status":"open","ping_status":"open","sticky":false,"template":"","format":"standard","meta":{"footnotes":""},"categories":[40,38],"tags":[66],"class_list":{"0":"post-9900","1":"post","2":"type-post","3":"status-publish","4":"format-standard","5":"has-post-thumbnail","7":"category-istanbul-kurumsal-etkinlik","8":"category-istanbul-etkinlik","9":"tag-kurmsal-etkinlik"},"_links":{"self":[{"href":"https:\/\/nefesorman.com\/blog\/wp-json\/wp\/v2\/posts\/9900"}],"collection":[{"href":"https:\/\/nefesorman.com\/blog\/wp-json\/wp\/v2\/posts"}],"about":[{"href":"https:\/\/nefesorman.com\/blog\/wp-json\/wp\/v2\/types\/post"}],"author":[{"embeddable":true,"href":"https:\/\/nefesorman.com\/blog\/wp-json\/wp\/v2\/users\/1"}],"replies":[{"embeddable":true,"href":"https:\/\/nefesorman.com\/blog\/wp-json\/wp\/v2\/comments?post=9900"}],"version-history":[{"count":13,"href":"https:\/\/nefesorman.com\/blog\/wp-json\/wp\/v2\/posts\/9900\/revisions"}],"predecessor-version":[{"id":10504,"href":"https:\/\/nefesorman.com\/blog\/wp-json\/wp\/v2\/posts\/9900\/revisions\/10504"}],"wp:featuredmedia":[{"embeddable":true,"href":"https:\/\/nefesorman.com\/blog\/wp-json\/wp\/v2\/media\/9904"}],"wp:attachment":[{"href":"https:\/\/nefesorman.com\/blog\/wp-json\/wp\/v2\/media?parent=9900"}],"wp:term":[{"taxonomy":"category","embeddable":true,"href":"https:\/\/nefesorman.com\/blog\/wp-json\/wp\/v2\/categories?post=9900"},{"taxonomy":"post_tag","embeddable":true,"href":"https:\/\/nefesorman.com\/blog\/wp-json\/wp\/v2\/tags?post=9900"}],"curies":[{"name":"wp","href":"https:\/\/api.w.org\/{rel}","templated":true}]}}